{"id":975,"date":"2021-02-27T09:20:26","date_gmt":"2021-02-27T07:20:26","guid":{"rendered":"http:\/\/158.129.51.247:8888\/?p=975"},"modified":"2025-03-01T13:45:56","modified_gmt":"2025-03-01T11:45:56","slug":"2021-m-clarin-metine-konferencija-madride","status":"publish","type":"post","link":"https:\/\/clarin-lt.lt\/?p=975","title":{"rendered":"2021 m. CLARIN metin\u0117 konferencija Madride v\u0117l virtuali"},"content":{"rendered":"<p>Rugs\u0117jo 27\u201329 dienomis Madride planuojamas svarbiausias CLARIN metinis renginys &#8211; CLARIN metin\u0117 konferencija. D\u0117l pandemin\u0117s situacijos \u0161is renginys ir v\u0117l bus virtualus. Daugiau informacijos apie rengin\u012f rasite \u010dia: <a href=\"https:\/\/www.clarin.eu\/event\/2021\/clarin-annual-conference-2021\">https:\/\/www.clarin.eu\/event\/2021\/clarin-annual-conference-2021<\/a>.<\/p>\n<div id=\"attachment_970\" style=\"width: 810px\" class=\"wp-caption alignnone\"><img loading=\"lazy\" decoding=\"async\" aria-describedby=\"caption-attachment-970\" class=\"size-full wp-image-970\" src=\"https:\/\/clarin-lt.lt\/wp-content\/uploads\/2021\/02\/glass-building-in-madrid-spain_800.jpg\" alt=\"Photo via Good Free Photos\" width=\"800\" height=\"763\" srcset=\"https:\/\/clarin-lt.lt\/wp-content\/uploads\/2021\/02\/glass-building-in-madrid-spain_800.jpg 800w, https:\/\/clarin-lt.lt\/wp-content\/uploads\/2021\/02\/glass-building-in-madrid-spain_800-300x286.jpg 300w, https:\/\/clarin-lt.lt\/wp-content\/uploads\/2021\/02\/glass-building-in-madrid-spain_800-768x732.jpg 768w, https:\/\/clarin-lt.lt\/wp-content\/uploads\/2021\/02\/glass-building-in-madrid-spain_800-100x95.jpg 100w, https:\/\/clarin-lt.lt\/wp-content\/uploads\/2021\/02\/glass-building-in-madrid-spain_800-150x143.jpg 150w, https:\/\/clarin-lt.lt\/wp-content\/uploads\/2021\/02\/glass-building-in-madrid-spain_800-200x191.jpg 200w, https:\/\/clarin-lt.lt\/wp-content\/uploads\/2021\/02\/glass-building-in-madrid-spain_800-450x429.jpg 450w, https:\/\/clarin-lt.lt\/wp-content\/uploads\/2021\/02\/glass-building-in-madrid-spain_800-600x572.jpg 600w\" sizes=\"auto, (max-width: 800px) 100vw, 800px\" \/><p id=\"caption-attachment-970\" class=\"wp-caption-text\">Photo via <a href=\"https:\/\/www.goodfreephotos.com\/\">Good Free Photos<\/a><\/p><\/div>\n","protected":false},"excerpt":{"rendered":"<p>Rugs\u0117jo 27\u201329 dienomis Madride planuojamas svarbiausias CLARIN metinis renginys &#8211; CLARIN metin\u0117 konferencija. D\u0117l pandemin\u0117s situacijos \u0161is renginys ir v\u0117l bus virtualus. Daugiau informacijos apie rengin\u012f rasite \u010dia: https:\/\/www.clarin.eu\/event\/2021\/clarin-annual-conference-2021.<\/p>\n","protected":false},"author":2,"featured_media":970,"comment_status":"open","ping_status":"open","sticky":false,"template":"","format":"standard","meta":{"footnotes":""},"categories":[1],"tags":[],"class_list":["post-975","post","type-post","status-publish","format-standard","has-post-thumbnail","hentry","category-uncategorized"],"_links":{"self":[{"href":"https:\/\/clarin-lt.lt\/index.php?rest_route=\/wp\/v2\/posts\/975","targetHints":{"allow":["GET"]}}],"collection":[{"href":"https:\/\/clarin-lt.lt\/index.php?rest_route=\/wp\/v2\/posts"}],"about":[{"href":"https:\/\/clarin-lt.lt\/index.php?rest_route=\/wp\/v2\/types\/post"}],"author":[{"embeddable":true,"href":"https:\/\/clarin-lt.lt\/index.php?rest_route=\/wp\/v2\/users\/2"}],"replies":[{"embeddable":true,"href":"https:\/\/clarin-lt.lt\/index.php?rest_route=%2Fwp%2Fv2%2Fcomments&post=975"}],"version-history":[{"count":6,"href":"https:\/\/clarin-lt.lt\/index.php?rest_route=\/wp\/v2\/posts\/975\/revisions"}],"predecessor-version":[{"id":1705,"href":"https:\/\/clarin-lt.lt\/index.php?rest_route=\/wp\/v2\/posts\/975\/revisions\/1705"}],"wp:featuredmedia":[{"embeddable":true,"href":"https:\/\/clarin-lt.lt\/index.php?rest_route=\/wp\/v2\/media\/970"}],"wp:attachment":[{"href":"https:\/\/clarin-lt.lt\/index.php?rest_route=%2Fwp%2Fv2%2Fmedia&parent=975"}],"wp:term":[{"taxonomy":"category","embeddable":true,"href":"https:\/\/clarin-lt.lt\/index.php?rest_route=%2Fwp%2Fv2%2Fcategories&post=975"},{"taxonomy":"post_tag","embeddable":true,"href":"https:\/\/clarin-lt.lt\/index.php?rest_route=%2Fwp%2Fv2%2Ftags&post=975"}],"curies":[{"name":"wp","href":"https:\/\/api.w.org\/{rel}","templated":true}]}}