{"id":3888,"date":"2026-04-20T07:31:54","date_gmt":"2026-04-20T05:31:54","guid":{"rendered":"https:\/\/clarin-lt.lt\/?p=3888"},"modified":"2026-04-20T07:34:24","modified_gmt":"2026-04-20T05:34:24","slug":"renginiai-vasaros-universitetas-prancuzijoje","status":"publish","type":"post","link":"https:\/\/clarin-lt.lt\/?p=3888","title":{"rendered":"Renginiai. Vasaros universitetas Pranc\u016bzijoje"},"content":{"rendered":"\n<figure class=\"wp-block-image size-large\"><a href=\"https:\/\/clarin-lt.lt\/wp-content\/uploads\/2026\/04\/image-6.png\"><img loading=\"lazy\" decoding=\"async\" width=\"1024\" height=\"19\" src=\"https:\/\/clarin-lt.lt\/wp-content\/uploads\/2026\/04\/image-6-1024x19.png\" alt=\"\" class=\"wp-image-3889\" srcset=\"https:\/\/clarin-lt.lt\/wp-content\/uploads\/2026\/04\/image-6-1024x19.png 1024w, https:\/\/clarin-lt.lt\/wp-content\/uploads\/2026\/04\/image-6-300x5.png 300w, https:\/\/clarin-lt.lt\/wp-content\/uploads\/2026\/04\/image-6-768x14.png 768w, https:\/\/clarin-lt.lt\/wp-content\/uploads\/2026\/04\/image-6-1536x28.png 1536w, https:\/\/clarin-lt.lt\/wp-content\/uploads\/2026\/04\/image-6-100x2.png 100w, https:\/\/clarin-lt.lt\/wp-content\/uploads\/2026\/04\/image-6-150x3.png 150w, https:\/\/clarin-lt.lt\/wp-content\/uploads\/2026\/04\/image-6-200x4.png 200w, https:\/\/clarin-lt.lt\/wp-content\/uploads\/2026\/04\/image-6-450x8.png 450w, https:\/\/clarin-lt.lt\/wp-content\/uploads\/2026\/04\/image-6-600x11.png 600w, https:\/\/clarin-lt.lt\/wp-content\/uploads\/2026\/04\/image-6-900x16.png 900w, https:\/\/clarin-lt.lt\/wp-content\/uploads\/2026\/04\/image-6.png 1650w\" sizes=\"auto, (max-width: 1024px) 100vw, 1024px\" \/><\/a><\/figure>\n\n\n\n<p>2026 m. liepos 6\u201318 dienomis Bezansone (Pranc\u016bzija) vyks <a href=\"https:\/\/esudh.github.io\/\">Europos skaitmenin\u0117s humanitarikos vasaros universitetas \u201eKult\u016bra ir technologijos\u201c<\/a>. Renginio metu bus nagrin\u0117jamos \u012fvairios temos, atskleid\u017eian\u010dios, kaip humanitariniai mokslai integruoja technologijas ir skaitmeninius metodus.<\/p>\n\n\n\n<p>Vasaros universiteto tikslas \u2013 sukurti atvir\u0105 ir \u012fkvepian\u010di\u0105 erdv\u0119, kurioje b\u016bt\u0173 galima ne tik diskutuoti, bet ir \u012fgyti nauj\u0173 \u017eini\u0173, \u012fg\u016bd\u017ei\u0173 bei kompetencij\u0173 kompiuterini\u0173 technologij\u0173 srityje. Pastaruoju metu technologijos tapo neatsiejama humanitarini\u0173 moksl\u0173 dalis, kurios daro vis didesn\u0119 \u012ftak\u0105 kasdieniam specialist\u0173 darbui \u2013 nuo bibliotekinink\u0173 ir archyvar\u0173 iki platesnio kult\u016bros sektoriaus darbuotoj\u0173 bei kit\u0173 humanitarikos sri\u010di\u0173 praktik\u0173.<\/p>\n\n\n\n<p>Renginys skirtas tarptautinei auditorijai. Kvie\u010diami baigiam\u0173j\u0173 kurs\u0173 studentai, absolventai, magistrantai, doktorantai, podoktorant\u016bros tyr\u0117jai, d\u0117stytojai, bibliotekininkai ir techniniai specialistai i\u0161 Europos ir kit\u0173 pasaulio \u0161ali\u0173, kurie savo veikloje taiko arba siekia taikyti skaitmeninius ir kompiuterinius metodus. Taip pat kvie\u010diami dalyvauti informatikai, norintys susipa\u017einti su humanitariniuose moksluose taikomais metodais ir prakti\u0161kai juos taikyti kuriant programin\u0117s bei aparatin\u0117s \u012frangos sistemas.<\/p>\n\n\n\n<p>Renginio kalba \u2013 angl\u0173.<\/p>\n\n\n\n<p>Dalyvio parai\u0161k\u0105 pildykite <a href=\"https:\/\/esudh.github.io\/application\/\">\u010dia<\/a>. Parai\u0161kas galima teikti nuo kovo 23 d. iki gegu\u017e\u0117s 24 d.<\/p>\n\n\n\n<p>Daugiau informacijos rasite <a href=\"https:\/\/esudh.github.io\/about\/\">\u010dia<\/a>.<\/p>\n\n\n\n<p>Sekite&nbsp;CLARIN-LT&nbsp;naujienas m\u016bs\u0173&nbsp;<a href=\"https:\/\/www.facebook.com\/profile.php?id=100087289837974\">Facebook paskyroje<\/a>&nbsp;ir&nbsp;<a href=\"https:\/\/clarin-lt.lt\/?page_id=104\">interneto tinklalapyje<\/a>.<\/p>\n\n\n\n<figure class=\"wp-block-image size-full\"><a href=\"https:\/\/clarin-lt.lt\/wp-content\/uploads\/2026\/04\/image-7.png\"><img loading=\"lazy\" decoding=\"async\" width=\"975\" height=\"18\" src=\"https:\/\/clarin-lt.lt\/wp-content\/uploads\/2026\/04\/image-7.png\" alt=\"\" class=\"wp-image-3890\" srcset=\"https:\/\/clarin-lt.lt\/wp-content\/uploads\/2026\/04\/image-7.png 975w, https:\/\/clarin-lt.lt\/wp-content\/uploads\/2026\/04\/image-7-300x6.png 300w, https:\/\/clarin-lt.lt\/wp-content\/uploads\/2026\/04\/image-7-768x14.png 768w, https:\/\/clarin-lt.lt\/wp-content\/uploads\/2026\/04\/image-7-100x2.png 100w, https:\/\/clarin-lt.lt\/wp-content\/uploads\/2026\/04\/image-7-150x3.png 150w, https:\/\/clarin-lt.lt\/wp-content\/uploads\/2026\/04\/image-7-200x4.png 200w, https:\/\/clarin-lt.lt\/wp-content\/uploads\/2026\/04\/image-7-450x8.png 450w, https:\/\/clarin-lt.lt\/wp-content\/uploads\/2026\/04\/image-7-600x11.png 600w, https:\/\/clarin-lt.lt\/wp-content\/uploads\/2026\/04\/image-7-900x17.png 900w\" sizes=\"auto, (max-width: 975px) 100vw, 975px\" \/><\/a><\/figure>\n","protected":false},"excerpt":{"rendered":"<p>2026 m. liepos 6\u201318 dienomis Bezansone (Pranc\u016bzija) vyks Europos skaitmenin\u0117s humanitarikos vasaros universitetas \u201eKult\u016bra ir technologijos\u201c. Renginio metu bus nagrin\u0117jamos \u012fvairios temos, atskleid\u017eian\u010dios, kaip humanitariniai mokslai integruoja technologijas ir skaitmeninius metodus. Vasaros universiteto tikslas \u2013 sukurti atvir\u0105 ir \u012fkvepian\u010di\u0105 erdv\u0119,<span class=\"ellipsis\">&hellip;<\/span><\/p>\n<div class=\"read-more\"><a href=\"https:\/\/clarin-lt.lt\/?p=3888\">Read more &#8250;<\/a><\/div>\n<p><!-- end of .read-more --><\/p>\n","protected":false},"author":7,"featured_media":3893,"comment_status":"open","ping_status":"open","sticky":false,"template":"","format":"standard","meta":{"footnotes":""},"categories":[1],"tags":[],"class_list":["post-3888","post","type-post","status-publish","format-standard","has-post-thumbnail","hentry","category-uncategorized"],"_links":{"self":[{"href":"https:\/\/clarin-lt.lt\/index.php?rest_route=\/wp\/v2\/posts\/3888","targetHints":{"allow":["GET"]}}],"collection":[{"href":"https:\/\/clarin-lt.lt\/index.php?rest_route=\/wp\/v2\/posts"}],"about":[{"href":"https:\/\/clarin-lt.lt\/index.php?rest_route=\/wp\/v2\/types\/post"}],"author":[{"embeddable":true,"href":"https:\/\/clarin-lt.lt\/index.php?rest_route=\/wp\/v2\/users\/7"}],"replies":[{"embeddable":true,"href":"https:\/\/clarin-lt.lt\/index.php?rest_route=%2Fwp%2Fv2%2Fcomments&post=3888"}],"version-history":[{"count":2,"href":"https:\/\/clarin-lt.lt\/index.php?rest_route=\/wp\/v2\/posts\/3888\/revisions"}],"predecessor-version":[{"id":3894,"href":"https:\/\/clarin-lt.lt\/index.php?rest_route=\/wp\/v2\/posts\/3888\/revisions\/3894"}],"wp:featuredmedia":[{"embeddable":true,"href":"https:\/\/clarin-lt.lt\/index.php?rest_route=\/wp\/v2\/media\/3893"}],"wp:attachment":[{"href":"https:\/\/clarin-lt.lt\/index.php?rest_route=%2Fwp%2Fv2%2Fmedia&parent=3888"}],"wp:term":[{"taxonomy":"category","embeddable":true,"href":"https:\/\/clarin-lt.lt\/index.php?rest_route=%2Fwp%2Fv2%2Fcategories&post=3888"},{"taxonomy":"post_tag","embeddable":true,"href":"https:\/\/clarin-lt.lt\/index.php?rest_route=%2Fwp%2Fv2%2Ftags&post=3888"}],"curies":[{"name":"wp","href":"https:\/\/api.w.org\/{rel}","templated":true}]}}